{"id":236,"date":"2024-04-29T14:07:31","date_gmt":"2024-04-29T12:07:31","guid":{"rendered":"https:\/\/ecobramandco.fr\/?p=236"},"modified":"2024-04-29T14:07:33","modified_gmt":"2024-04-29T12:07:33","slug":"les-animations-autour-du-velo-nont-pas-attendu-le-mois-de-mai-et-ont-bel-et-bien-demarre-a-bram","status":"publish","type":"post","link":"https:\/\/ecobramandco.fr\/index.php\/2024\/04\/29\/les-animations-autour-du-velo-nont-pas-attendu-le-mois-de-mai-et-ont-bel-et-bien-demarre-a-bram\/","title":{"rendered":"Les animations autour du v\u00e9lo n\u2019ont pas attendu le mois de mai et ont bel et bien d\u00e9marr\u00e9\u00a0\u00e0 Bram"},"content":{"rendered":"\n<p>Les ateliers de \u00ab&nbsp;R\u00e9par V\u00e9lo&nbsp;\u00bb du 24 et 27 avril ont remis en \u00e9tat ou diagnostiqu\u00e9 quelques r\u00e9parations sur une quinzaine de v\u00e9los\u2026<\/p>\n\n\n\n<p>Notre premi\u00e8re balade familiale \u00e0 v\u00e9lo, ce samedi 27 avril, nous a amen\u00e9 jusqu\u2019\u00e0 l\u2019\u00e9cluse de B\u00e9teil par le canal avec un retour par de jolis petits chemins de campagne\u2026le nez au vent\u2026\u00a0!<\/p>\n\n\n\n<figure class=\"wp-block-gallery has-nested-images columns-default is-cropped wp-block-gallery-1 is-layout-flex wp-block-gallery-is-layout-flex\">\n<figure class=\"wp-block-image size-large\"><img fetchpriority=\"high\" decoding=\"async\" width=\"1024\" height=\"768\" data-id=\"239\" src=\"https:\/\/ecobramandco.fr\/wp-content\/uploads\/2024\/04\/WhatsApp-Image-2024-04-28-a-18.55.23_44553924-1024x768.jpg\" alt=\"\" class=\"wp-image-239\" srcset=\"https:\/\/ecobramandco.fr\/wp-content\/uploads\/2024\/04\/WhatsApp-Image-2024-04-28-a-18.55.23_44553924-1024x768.jpg 1024w, https:\/\/ecobramandco.fr\/wp-content\/uploads\/2024\/04\/WhatsApp-Image-2024-04-28-a-18.55.23_44553924-300x225.jpg 300w, https:\/\/ecobramandco.fr\/wp-content\/uploads\/2024\/04\/WhatsApp-Image-2024-04-28-a-18.55.23_44553924-768x576.jpg 768w, https:\/\/ecobramandco.fr\/wp-content\/uploads\/2024\/04\/WhatsApp-Image-2024-04-28-a-18.55.23_44553924-1536x1152.jpg 1536w, https:\/\/ecobramandco.fr\/wp-content\/uploads\/2024\/04\/WhatsApp-Image-2024-04-28-a-18.55.23_44553924.jpg 1600w\" sizes=\"(max-width: 1024px) 100vw, 1024px\" \/><\/figure>\n\n\n\n<figure class=\"wp-block-image size-large\"><img decoding=\"async\" width=\"1024\" height=\"768\" data-id=\"238\" src=\"https:\/\/ecobramandco.fr\/wp-content\/uploads\/2024\/04\/WhatsApp-Image-2024-04-28-a-18.55.42_a0960569-1024x768.jpg\" alt=\"\" class=\"wp-image-238\" srcset=\"https:\/\/ecobramandco.fr\/wp-content\/uploads\/2024\/04\/WhatsApp-Image-2024-04-28-a-18.55.42_a0960569-1024x768.jpg 1024w, https:\/\/ecobramandco.fr\/wp-content\/uploads\/2024\/04\/WhatsApp-Image-2024-04-28-a-18.55.42_a0960569-300x225.jpg 300w, https:\/\/ecobramandco.fr\/wp-content\/uploads\/2024\/04\/WhatsApp-Image-2024-04-28-a-18.55.42_a0960569-768x576.jpg 768w, https:\/\/ecobramandco.fr\/wp-content\/uploads\/2024\/04\/WhatsApp-Image-2024-04-28-a-18.55.42_a0960569-1536x1152.jpg 1536w, https:\/\/ecobramandco.fr\/wp-content\/uploads\/2024\/04\/WhatsApp-Image-2024-04-28-a-18.55.42_a0960569.jpg 2016w\" sizes=\"(max-width: 1024px) 100vw, 1024px\" \/><\/figure>\n\n\n\n<figure class=\"wp-block-image size-large\"><img decoding=\"async\" width=\"1024\" height=\"768\" data-id=\"237\" src=\"https:\/\/ecobramandco.fr\/wp-content\/uploads\/2024\/04\/WhatsApp-Image-2024-04-28-a-18.56.01_467461a8-1024x768.jpg\" alt=\"\" class=\"wp-image-237\" srcset=\"https:\/\/ecobramandco.fr\/wp-content\/uploads\/2024\/04\/WhatsApp-Image-2024-04-28-a-18.56.01_467461a8-1024x768.jpg 1024w, https:\/\/ecobramandco.fr\/wp-content\/uploads\/2024\/04\/WhatsApp-Image-2024-04-28-a-18.56.01_467461a8-300x225.jpg 300w, https:\/\/ecobramandco.fr\/wp-content\/uploads\/2024\/04\/WhatsApp-Image-2024-04-28-a-18.56.01_467461a8-768x576.jpg 768w, https:\/\/ecobramandco.fr\/wp-content\/uploads\/2024\/04\/WhatsApp-Image-2024-04-28-a-18.56.01_467461a8-1536x1152.jpg 1536w, https:\/\/ecobramandco.fr\/wp-content\/uploads\/2024\/04\/WhatsApp-Image-2024-04-28-a-18.56.01_467461a8.jpg 2016w\" sizes=\"(max-width: 1024px) 100vw, 1024px\" \/><\/figure>\n\n\n\n<figure class=\"wp-block-image size-large\"><img loading=\"lazy\" decoding=\"async\" width=\"1024\" height=\"768\" data-id=\"240\" src=\"https:\/\/ecobramandco.fr\/wp-content\/uploads\/2024\/04\/WhatsApp-Image-2024-04-29-a-14.04.44_230bbd9b-1024x768.jpg\" alt=\"\" class=\"wp-image-240\" srcset=\"https:\/\/ecobramandco.fr\/wp-content\/uploads\/2024\/04\/WhatsApp-Image-2024-04-29-a-14.04.44_230bbd9b-1024x768.jpg 1024w, https:\/\/ecobramandco.fr\/wp-content\/uploads\/2024\/04\/WhatsApp-Image-2024-04-29-a-14.04.44_230bbd9b-300x225.jpg 300w, https:\/\/ecobramandco.fr\/wp-content\/uploads\/2024\/04\/WhatsApp-Image-2024-04-29-a-14.04.44_230bbd9b-768x576.jpg 768w, https:\/\/ecobramandco.fr\/wp-content\/uploads\/2024\/04\/WhatsApp-Image-2024-04-29-a-14.04.44_230bbd9b-1536x1152.jpg 1536w, https:\/\/ecobramandco.fr\/wp-content\/uploads\/2024\/04\/WhatsApp-Image-2024-04-29-a-14.04.44_230bbd9b.jpg 2016w\" sizes=\"(max-width: 1024px) 100vw, 1024px\" \/><\/figure>\n<\/figure>\n","protected":false},"excerpt":{"rendered":"<p>Les ateliers de \u00ab&nbsp;R\u00e9par V\u00e9lo&nbsp;\u00bb du 24 et 27 avril ont remis en \u00e9tat ou diagnostiqu\u00e9 quelques r\u00e9parations sur une quinzaine de v\u00e9los\u2026 Notre premi\u00e8re balade familiale \u00e0 v\u00e9lo, ce samedi 27 avril, nous a amen\u00e9 jusqu\u2019\u00e0 l\u2019\u00e9cluse de B\u00e9teil par le canal avec un retour par de jolis petits chemins de campagne\u2026le nez au vent\u2026\u00a0!<\/p>\n","protected":false},"author":1,"featured_media":239,"comment_status":"open","ping_status":"open","sticky":false,"template":"","format":"standard","meta":{"_eb_attr":"","om_disable_all_campaigns":false,"_monsterinsights_skip_tracking":false,"_monsterinsights_sitenote_active":false,"_monsterinsights_sitenote_note":"","_monsterinsights_sitenote_category":0,"footnotes":"","jetpack_publicize_message":"","jetpack_publicize_feature_enabled":true,"jetpack_social_post_already_shared":true,"jetpack_social_options":{"image_generator_settings":{"template":"highway","default_image_id":0,"font":"","enabled":false},"version":2}},"categories":[2],"tags":[44,17,45,42,43,8,16],"class_list":["post-236","post","type-post","status-publish","format-standard","has-post-thumbnail","hentry","category-mobilite-douce","tag-balade","tag-bram","tag-famille","tag-mai-a-velo","tag-ranonnee","tag-velo","tag-ville-de-bram"],"aioseo_notices":[],"jetpack_publicize_connections":[],"_links":{"self":[{"href":"https:\/\/ecobramandco.fr\/index.php\/wp-json\/wp\/v2\/posts\/236","targetHints":{"allow":["GET"]}}],"collection":[{"href":"https:\/\/ecobramandco.fr\/index.php\/wp-json\/wp\/v2\/posts"}],"about":[{"href":"https:\/\/ecobramandco.fr\/index.php\/wp-json\/wp\/v2\/types\/post"}],"author":[{"embeddable":true,"href":"https:\/\/ecobramandco.fr\/index.php\/wp-json\/wp\/v2\/users\/1"}],"replies":[{"embeddable":true,"href":"https:\/\/ecobramandco.fr\/index.php\/wp-json\/wp\/v2\/comments?post=236"}],"version-history":[{"count":1,"href":"https:\/\/ecobramandco.fr\/index.php\/wp-json\/wp\/v2\/posts\/236\/revisions"}],"predecessor-version":[{"id":241,"href":"https:\/\/ecobramandco.fr\/index.php\/wp-json\/wp\/v2\/posts\/236\/revisions\/241"}],"wp:featuredmedia":[{"embeddable":true,"href":"https:\/\/ecobramandco.fr\/index.php\/wp-json\/wp\/v2\/media\/239"}],"wp:attachment":[{"href":"https:\/\/ecobramandco.fr\/index.php\/wp-json\/wp\/v2\/media?parent=236"}],"wp:term":[{"taxonomy":"category","embeddable":true,"href":"https:\/\/ecobramandco.fr\/index.php\/wp-json\/wp\/v2\/categories?post=236"},{"taxonomy":"post_tag","embeddable":true,"href":"https:\/\/ecobramandco.fr\/index.php\/wp-json\/wp\/v2\/tags?post=236"}],"curies":[{"name":"wp","href":"https:\/\/api.w.org\/{rel}","templated":true}]}}