{"id":399,"date":"2025-05-14T11:00:00","date_gmt":"2025-05-14T09:00:00","guid":{"rendered":"https:\/\/ecobramandco.fr\/?p=399"},"modified":"2025-04-26T11:51:39","modified_gmt":"2025-04-26T09:51:39","slug":"defi-au-college-jy-vais-en-mode-actif","status":"publish","type":"post","link":"https:\/\/ecobramandco.fr\/index.php\/2025\/05\/14\/defi-au-college-jy-vais-en-mode-actif\/","title":{"rendered":"D\u00e9fi \u00ab\u00a0au coll\u00e8ge j&rsquo;y vais en mode actif\u00a0\u00bb"},"content":{"rendered":"\n<p class=\"has-text-align-center has-large-font-size\"><strong>Les 21 et 28 mai <\/strong><\/p>\n\n\n\n<p>La CCPLM et EcoBram&amp;Co encouragent les coll\u00e9giens \u00e0 adopter des pratiques plus respectueux de la sant\u00e9 et de l&rsquo;environnement.<\/p>\n\n\n\n<p>Le <strong>mercredi 21 mai 2025 <\/strong>ramassage scolaire \u00e0 v\u00e9lo aller  \u00e0 7h50 et retour \u00e0 12h30 <strong>de Pexiora \u00e0 Bram <\/strong><\/p>\n\n\n\n<p>Le <strong>mercredi 28 mai 2025 <\/strong>ramassage scolaire \u00e0 v\u00e9lo aller  \u00e0 7h50 et retour \u00e0 12h30 <strong>de Villepinte \u00e0 Bram <\/strong><\/p>\n\n\n\n<figure class=\"wp-block-image size-large\"><img fetchpriority=\"high\" decoding=\"async\" width=\"725\" height=\"1024\" src=\"http:\/\/ecobramandco.fr\/wp-content\/uploads\/2025\/04\/depliant_maiavelo_2025_V2_pages-to-jpg-0006-1-725x1024.jpg\" alt=\"\" class=\"wp-image-396\" srcset=\"https:\/\/ecobramandco.fr\/wp-content\/uploads\/2025\/04\/depliant_maiavelo_2025_V2_pages-to-jpg-0006-1-725x1024.jpg 725w, https:\/\/ecobramandco.fr\/wp-content\/uploads\/2025\/04\/depliant_maiavelo_2025_V2_pages-to-jpg-0006-1-212x300.jpg 212w, https:\/\/ecobramandco.fr\/wp-content\/uploads\/2025\/04\/depliant_maiavelo_2025_V2_pages-to-jpg-0006-1-768x1085.jpg 768w, https:\/\/ecobramandco.fr\/wp-content\/uploads\/2025\/04\/depliant_maiavelo_2025_V2_pages-to-jpg-0006-1-1087x1536.jpg 1087w, https:\/\/ecobramandco.fr\/wp-content\/uploads\/2025\/04\/depliant_maiavelo_2025_V2_pages-to-jpg-0006-1.jpg 1772w\" sizes=\"(max-width: 725px) 100vw, 725px\" \/><\/figure>\n\n\n\n<p><\/p>\n","protected":false},"excerpt":{"rendered":"<p>Les 21 et 28 mai La CCPLM et EcoBram&amp;Co encouragent les coll\u00e9giens \u00e0 adopter des pratiques plus respectueux de la sant\u00e9 et de l&rsquo;environnement. Le mercredi 21 mai 2025 ramassage scolaire \u00e0 v\u00e9lo aller \u00e0 7h50 et retour \u00e0 12h30 de Pexiora \u00e0 Bram Le mercredi 28 mai 2025 ramassage scolaire \u00e0 v\u00e9lo aller \u00e0 7h50 et retour \u00e0 12h30 de Villepinte \u00e0 Bram<\/p>\n","protected":false},"author":1,"featured_media":397,"comment_status":"open","ping_status":"open","sticky":false,"template":"","format":"standard","meta":{"_eb_attr":"","om_disable_all_campaigns":false,"_monsterinsights_skip_tracking":false,"_monsterinsights_sitenote_active":false,"_monsterinsights_sitenote_note":"","_monsterinsights_sitenote_category":0,"footnotes":"","jetpack_publicize_message":"","jetpack_publicize_feature_enabled":true,"jetpack_social_post_already_shared":true,"jetpack_social_options":{"image_generator_settings":{"template":"highway","default_image_id":0,"font":"","enabled":false},"version":2}},"categories":[41,2],"tags":[17,64,68,66,67,16,69],"class_list":["post-399","post","type-post","status-publish","format-standard","has-post-thumbnail","hentry","category-mai-a-velo","category-mobilite-douce","tag-bram","tag-bram-a-velo","tag-ccplm","tag-ecole","tag-mode-actif","tag-ville-de-bram","tag-villesiscle"],"aioseo_notices":[],"jetpack_publicize_connections":[],"_links":{"self":[{"href":"https:\/\/ecobramandco.fr\/index.php\/wp-json\/wp\/v2\/posts\/399","targetHints":{"allow":["GET"]}}],"collection":[{"href":"https:\/\/ecobramandco.fr\/index.php\/wp-json\/wp\/v2\/posts"}],"about":[{"href":"https:\/\/ecobramandco.fr\/index.php\/wp-json\/wp\/v2\/types\/post"}],"author":[{"embeddable":true,"href":"https:\/\/ecobramandco.fr\/index.php\/wp-json\/wp\/v2\/users\/1"}],"replies":[{"embeddable":true,"href":"https:\/\/ecobramandco.fr\/index.php\/wp-json\/wp\/v2\/comments?post=399"}],"version-history":[{"count":1,"href":"https:\/\/ecobramandco.fr\/index.php\/wp-json\/wp\/v2\/posts\/399\/revisions"}],"predecessor-version":[{"id":400,"href":"https:\/\/ecobramandco.fr\/index.php\/wp-json\/wp\/v2\/posts\/399\/revisions\/400"}],"wp:featuredmedia":[{"embeddable":true,"href":"https:\/\/ecobramandco.fr\/index.php\/wp-json\/wp\/v2\/media\/397"}],"wp:attachment":[{"href":"https:\/\/ecobramandco.fr\/index.php\/wp-json\/wp\/v2\/media?parent=399"}],"wp:term":[{"taxonomy":"category","embeddable":true,"href":"https:\/\/ecobramandco.fr\/index.php\/wp-json\/wp\/v2\/categories?post=399"},{"taxonomy":"post_tag","embeddable":true,"href":"https:\/\/ecobramandco.fr\/index.php\/wp-json\/wp\/v2\/tags?post=399"}],"curies":[{"name":"wp","href":"https:\/\/api.w.org\/{rel}","templated":true}]}}