{"id":426,"date":"2025-09-15T13:13:00","date_gmt":"2025-09-15T11:13:00","guid":{"rendered":"https:\/\/ecobramandco.fr\/?p=426"},"modified":"2025-09-15T13:13:40","modified_gmt":"2025-09-15T11:13:40","slug":"fete-des-associations","status":"publish","type":"post","link":"https:\/\/ecobramandco.fr\/index.php\/2025\/09\/15\/fete-des-associations\/","title":{"rendered":"F\u00eate des associations"},"content":{"rendered":"\n<p>Le 6 septembre 2025, l\u2019association eco bram &amp; co \u00e9tait pr\u00e9sente au parc des Essars pour pr\u00e9senter toutes les actions qu\u2019elle m\u00e8ne toute l\u2019ann\u00e9e pour sensibiliser et mobiliser les bramais autour d\u2019actions eco-citoyennes.<\/p>\n\n\n\n<figure class=\"wp-block-gallery has-nested-images columns-default is-cropped wp-block-gallery-1 is-layout-flex wp-block-gallery-is-layout-flex\">\n<figure class=\"wp-block-image\"><img fetchpriority=\"high\" decoding=\"async\" width=\"1024\" height=\"768\" data-id=\"425\" src=\"https:\/\/ecobramandco.fr\/wp-content\/uploads\/2025\/09\/img-20250906-wa00006359169477888922420-1024x768.jpg\" alt=\"\" class=\"wp-image-425\" srcset=\"https:\/\/ecobramandco.fr\/wp-content\/uploads\/2025\/09\/img-20250906-wa00006359169477888922420-1024x768.jpg 1024w, https:\/\/ecobramandco.fr\/wp-content\/uploads\/2025\/09\/img-20250906-wa00006359169477888922420-300x225.jpg 300w, https:\/\/ecobramandco.fr\/wp-content\/uploads\/2025\/09\/img-20250906-wa00006359169477888922420-768x576.jpg 768w, https:\/\/ecobramandco.fr\/wp-content\/uploads\/2025\/09\/img-20250906-wa00006359169477888922420-1536x1152.jpg 1536w, https:\/\/ecobramandco.fr\/wp-content\/uploads\/2025\/09\/img-20250906-wa00006359169477888922420.jpg 2000w\" sizes=\"(max-width: 1024px) 100vw, 1024px\" \/><\/figure>\n\n\n\n<figure class=\"wp-block-image\"><img decoding=\"async\" width=\"1024\" height=\"768\" data-id=\"424\" src=\"https:\/\/ecobramandco.fr\/wp-content\/uploads\/2025\/09\/20250906_1408098808408178569144269-1024x768.jpg\" alt=\"\" class=\"wp-image-424\" srcset=\"https:\/\/ecobramandco.fr\/wp-content\/uploads\/2025\/09\/20250906_1408098808408178569144269-1024x768.jpg 1024w, https:\/\/ecobramandco.fr\/wp-content\/uploads\/2025\/09\/20250906_1408098808408178569144269-300x225.jpg 300w, https:\/\/ecobramandco.fr\/wp-content\/uploads\/2025\/09\/20250906_1408098808408178569144269-768x576.jpg 768w, https:\/\/ecobramandco.fr\/wp-content\/uploads\/2025\/09\/20250906_1408098808408178569144269-1536x1152.jpg 1536w, https:\/\/ecobramandco.fr\/wp-content\/uploads\/2025\/09\/20250906_1408098808408178569144269.jpg 2000w\" sizes=\"(max-width: 1024px) 100vw, 1024px\" \/><\/figure>\n<\/figure>\n","protected":false},"excerpt":{"rendered":"<p>Le 6 septembre 2025, l\u2019association eco bram &amp; co \u00e9tait pr\u00e9sente au parc des Essars pour pr\u00e9senter toutes les actions qu\u2019elle m\u00e8ne toute l\u2019ann\u00e9e pour sensibiliser et mobiliser les bramais autour d\u2019actions eco-citoyennes.<\/p>\n","protected":false},"author":1,"featured_media":0,"comment_status":"open","ping_status":"open","sticky":false,"template":"","format":"standard","meta":{"_eb_attr":"","om_disable_all_campaigns":false,"_monsterinsights_skip_tracking":false,"_monsterinsights_sitenote_active":false,"_monsterinsights_sitenote_note":"","_monsterinsights_sitenote_category":0,"footnotes":"","jetpack_publicize_message":"","jetpack_publicize_feature_enabled":true,"jetpack_social_post_already_shared":true,"jetpack_social_options":{"image_generator_settings":{"template":"highway","default_image_id":0,"font":"","enabled":false},"version":2}},"categories":[7,41,2,5],"tags":[70,40,15,39,78,76],"class_list":["post-426","post","type-post","status-publish","format-standard","hentry","category-actions-eco-responsables","category-mai-a-velo","category-mobilite-douce","category-protection-de-lenvironnement","tag-bram-la-ville-a-vivre","tag-eco-bram-co","tag-eco-responsable","tag-ecobramco","tag-essars","tag-fete-de-lenvironnement"],"aioseo_notices":[],"jetpack_publicize_connections":[],"_links":{"self":[{"href":"https:\/\/ecobramandco.fr\/index.php\/wp-json\/wp\/v2\/posts\/426","targetHints":{"allow":["GET"]}}],"collection":[{"href":"https:\/\/ecobramandco.fr\/index.php\/wp-json\/wp\/v2\/posts"}],"about":[{"href":"https:\/\/ecobramandco.fr\/index.php\/wp-json\/wp\/v2\/types\/post"}],"author":[{"embeddable":true,"href":"https:\/\/ecobramandco.fr\/index.php\/wp-json\/wp\/v2\/users\/1"}],"replies":[{"embeddable":true,"href":"https:\/\/ecobramandco.fr\/index.php\/wp-json\/wp\/v2\/comments?post=426"}],"version-history":[{"count":1,"href":"https:\/\/ecobramandco.fr\/index.php\/wp-json\/wp\/v2\/posts\/426\/revisions"}],"predecessor-version":[{"id":427,"href":"https:\/\/ecobramandco.fr\/index.php\/wp-json\/wp\/v2\/posts\/426\/revisions\/427"}],"wp:attachment":[{"href":"https:\/\/ecobramandco.fr\/index.php\/wp-json\/wp\/v2\/media?parent=426"}],"wp:term":[{"taxonomy":"category","embeddable":true,"href":"https:\/\/ecobramandco.fr\/index.php\/wp-json\/wp\/v2\/categories?post=426"},{"taxonomy":"post_tag","embeddable":true,"href":"https:\/\/ecobramandco.fr\/index.php\/wp-json\/wp\/v2\/tags?post=426"}],"curies":[{"name":"wp","href":"https:\/\/api.w.org\/{rel}","templated":true}]}}